{"id":17,"date":"2018-11-08T17:11:25","date_gmt":"2018-11-08T17:11:25","guid":{"rendered":"http:\/\/bi-erdkabel-innerstetal-und-umgebung.de\/?p=17"},"modified":"2019-11-08T17:59:29","modified_gmt":"2019-11-08T17:59:29","slug":"der-erste-mast-b72-wird-5160-meter-hoch","status":"publish","type":"post","link":"http:\/\/bi-erdkabel-innerstetal-und-umgebung.de\/?p=17","title":{"rendered":"DER ERSTE MAST, B72, WIRD 51,60 METER HOCH\u2026"},"content":{"rendered":"\n<p><strong>Aus der Einbecker Morgenpost:<\/strong><\/p>\n\n\n\n<p>Tennet beginnt mit Bau der 380-kV-Trasse<br>Start s\u00fcdlich von Einbeck an Maststandort B72 | Rammpfahlgr\u00fcndung f\u00fcr die erste Bodenplatte.<\/p>\n\n\n\n<p>Der erste Mast, B72, wird 51,60 Meter hoch. Mit dem Fundament daf\u00fcr hat Netzbetreiber Tennet gestern Nachmittag s\u00fcdlich von Einbeck und \u00f6stlich vom Pinkler mit dem Bau der 380-Kilovolt-H\u00f6chstspannungstrasse von Wahle nach Mecklar begonnen. Tennet bezeichnet sie in einer Pressemeldung als \u00bbGr\u00fcnstromleitung\u00ab. Die Nord-S\u00fcd Verbindung ist 230 Kilometer lang, sie ist ein wichtiger Eckpfeiler des Energiewende-Netzes.<\/p>\n\n\n\n<p>EINBECK. F\u00fcr das erste Fundament wurde eine Rammpfahlgr\u00fcndung mit einer Tiefe von 17 Metern vorgenommen. Das sei, so erl\u00e4uterten Dr. Peter Volkholz, der Leiter des Gesamtprojekts, und der Bauleiter vor Ort, Frank Imsande, an diesem Standort die beste Art der Gr\u00fcndung. Damit seien nur minimale Bodeneingriffe notwendig \u2013 f\u00fcr vier Pf\u00e4hle pro Platte. F\u00fcr jeden Pfahl wird eine tonnenschwere Stahlr\u00f6hre mit einem Durchmesser von einem Meter in die Erde getrieben. Die einzelnen Masten haben einen Abstand zueinander von mindestens 350 Metern, abh\u00e4ngig von der Gel\u00e4ndebeschaffenheit. Der Durchhang der Leitungen betr\u00e4gt bei voller Belastung bis zu 12,50 Meter zum Boden.<\/p>\n\n\n\n<p>Im etwa 50 Kilometer langen Bauabschnitt B zwischen den Umspannwerken Lamspringe und Hardegsen, der nun begonnen wurde, sind insgesamt 125 Masten geplant \u2013 die gesamte Strecke Wahle-Mecklar wird es auf rund 500 bringen. Im ersten Baulos, zu dem B72 geh\u00f6rt, sind elf Masten ausgeschrieben. Sie sollen bis Juli errichtet sein. Vom Startpunkt aus zieht sich der Verlauf Richtung S\u00fcden zum Umspannwerk Hardegsen. F\u00fcr eine Fortf\u00fchrung der Leitung in Richtung Norden laufen bereits Baugrunduntersuchungen.<br>B72 als Startpunkt habe man gew\u00e4hlt, weil die Bedingungen hier g\u00fcnstig seien: Es gebe zum Abschnitt B einen Planfeststellungsbeschluss, f\u00fchrte Dr. Peter Volkholz aus. Die Fl\u00e4chen seien zudem weitgehend frei, Rodungen oder \u00e4hnliche Ma\u00dfnahmen seien nicht erforderlich. Und schlie\u00dflich habe man die Fragen der Nutzung der Grundst\u00fccke mit den Eigent\u00fcmern kl\u00e4ren k\u00f6nnen. Um R\u00fccksicht auf \u00f6rtliche Besonderheiten, wie etwa Erntezeiten, nehmen zu k\u00f6nnen und um den Bau zu beschleunigen, gibt es mehrere sogenannte Baulose.<br>Unmittelbar neben der k\u00fcnftigen Trasse l\u00e4uft die 220-kV-Leitung, die im Anschluss an die f\u00fcr 2021 vorgesehene Inbetriebnahme von Wahle-Mecklar zur\u00fcckgebaut wird; es handelt sich dabei um die zweit\u00e4lteste H\u00f6chstspannungsleitung Deutschlands, sie stammt aus dem Jahr 1929. Dem heutigen Netzbetrieb wird sie allerdings nicht mehr gerecht. In diesem Zusammenhang erfolgt auch der R\u00fcckbau des bisherigen Anschlusses des Pumpspeicherwerks Erzhausen; es soll durch eine Erdverkabelung angeschlossen werden, wof\u00fcr der Betreiber aufzukommen hat. Dagegen ist allerdings eine Klage eingereicht, die vor dem Verwaltungsgericht Leipzig entschieden werden muss, genau wie die Klage der Stadt Einbeck.<\/p>\n\n\n\n<p>Die Kosten f\u00fcr Wahle-Mecklar bezifferte Tennet-Sprecher Markus Lieberknecht auf rund eine Milliarde Euro; die Planungsphase ist darin ebenso enthalten wie die Investitionen in die Trafostationen.<br>Die Masten, die im Durchschnitt zwischen 50 und 60 Meter hoch sind, werden das Landschaftsbild beeintr\u00e4chtigen, r\u00e4umte er ein. Daf\u00fcr zahle das Unternehmen als Kompensation rund zwei Millionen Euro an die Landkreise Northeim und Hildesheim.<br>Mit dem Baubeginn bringe man den Netzausbau in Niedersachsen voran, stellte Lex Hartman, Mitglied der Tennet-Gesch\u00e4ftsf\u00fchrung, fest. Aktuell realisiere Tennet in Niedersachsen und Hessen Projekte mit einer Gesamtl\u00e4nge von mehr als 300 Kilometern.<br>F\u00fcr den Abschnitt von Lamspringe nach Hardegsen gab es im Vorfeld mehr als 420 Einwendungen und Stellungnahmen von B\u00fcrgern, Gemeinden und Fachbeh\u00f6rden. Sie seien gepr\u00fcft und, wo m\u00f6glich, auch ber\u00fccksichtigt worden.<br>Der Baustart wurde begleitet von einigen Vertretern der Pro-Erdkabel-B\u00fcrgerinitiativen aus der Region als \u00bbZaung\u00e4sten\u00ab, die ein weiteres Mal die Gelegenheit zu Fragen und Diskussionen nutzten.<\/p>\n","protected":false},"excerpt":{"rendered":"<p>Aus der Einbecker Morgenpost: Tennet beginnt mit Bau der 380-kV-TrasseStart s\u00fcdlich von Einbeck an Maststandort B72 | Rammpfahlgr\u00fcndung f\u00fcr die&hellip;<\/p>\n","protected":false},"author":3,"featured_media":0,"comment_status":"open","ping_status":"open","sticky":false,"template":"","format":"standard","meta":{"spay_email":""},"categories":[1],"tags":[],"jetpack_featured_media_url":"","_links":{"self":[{"href":"http:\/\/bi-erdkabel-innerstetal-und-umgebung.de\/index.php?rest_route=\/wp\/v2\/posts\/17"}],"collection":[{"href":"http:\/\/bi-erdkabel-innerstetal-und-umgebung.de\/index.php?rest_route=\/wp\/v2\/posts"}],"about":[{"href":"http:\/\/bi-erdkabel-innerstetal-und-umgebung.de\/index.php?rest_route=\/wp\/v2\/types\/post"}],"author":[{"embeddable":true,"href":"http:\/\/bi-erdkabel-innerstetal-und-umgebung.de\/index.php?rest_route=\/wp\/v2\/users\/3"}],"replies":[{"embeddable":true,"href":"http:\/\/bi-erdkabel-innerstetal-und-umgebung.de\/index.php?rest_route=%2Fwp%2Fv2%2Fcomments&post=17"}],"version-history":[{"count":1,"href":"http:\/\/bi-erdkabel-innerstetal-und-umgebung.de\/index.php?rest_route=\/wp\/v2\/posts\/17\/revisions"}],"predecessor-version":[{"id":18,"href":"http:\/\/bi-erdkabel-innerstetal-und-umgebung.de\/index.php?rest_route=\/wp\/v2\/posts\/17\/revisions\/18"}],"wp:attachment":[{"href":"http:\/\/bi-erdkabel-innerstetal-und-umgebung.de\/index.php?rest_route=%2Fwp%2Fv2%2Fmedia&parent=17"}],"wp:term":[{"taxonomy":"category","embeddable":true,"href":"http:\/\/bi-erdkabel-innerstetal-und-umgebung.de\/index.php?rest_route=%2Fwp%2Fv2%2Fcategories&post=17"},{"taxonomy":"post_tag","embeddable":true,"href":"http:\/\/bi-erdkabel-innerstetal-und-umgebung.de\/index.php?rest_route=%2Fwp%2Fv2%2Ftags&post=17"}],"curies":[{"name":"wp","href":"https:\/\/api.w.org\/{rel}","templated":true}]}}