{"id":19,"date":"2018-11-08T17:11:58","date_gmt":"2018-11-08T17:11:58","guid":{"rendered":"http:\/\/bi-erdkabel-innerstetal-und-umgebung.de\/?p=19"},"modified":"2019-11-08T17:59:21","modified_gmt":"2019-11-08T17:59:21","slug":"die-vorzugstrasse-des-suedlink-beruehrt-nicht-mehr-das-gebiet-der-gemeinde-burgdorf-als-alternativtrasse-ist-das-gemeindegebiet-im-vollen-umfang-weiterhin-im-verfahren","status":"publish","type":"post","link":"http:\/\/bi-erdkabel-innerstetal-und-umgebung.de\/?p=19","title":{"rendered":"DIE VORZUGSTRASSE DES SUEDLINK BER\u00dcHRT NICHT MEHR DAS GEBIET DER GEMEINDE BURGDORF \u2013 ALS ALTERNATIVTRASSE IST DAS GEMEINDEGEBIET IM VOLLEN UMFANG WEITERHIN IM VERFAHREN."},"content":{"rendered":"\n<p>Am Donnerstag, den 21.02.2019 hat TenneT zum Abschluss ihrer Arbeiten entsprechend \u00a7 8 des NABEG bekanntgegeben, dass sie nun einen Trassenvorschlag f\u00fcr den SuedLink bei der BNetzA zur Genehmigung einreichen werden. Dieser Vorschlag \u2013 die sogenannte \u201eWesttrasse\u201c ber\u00fchrt nicht mehr das Gebiet der Gemeinde Burgdorf. Dies war nach dem Stand der Vorarbeiten nach \u00a7 6 des NABEG der Fall (Osttrasse). Dieses ist grunds\u00e4tzlich zun\u00e4chst einmal eine positive Nachricht, so Samt-gemeindeb\u00fcrgermeister Klaus Kubitschke und Gemeindeb\u00fcrgermeister Bernd Brandes, zumal die Gemeinden Baddeckenstedt und Burgdorf schon von der Stromtrasse Wahle-Mecklar stark tangiert werden. Aber das letzte Wort habe die Bundesnetzagentur(BNetzA), die sich nun mit dem Trassen- vorschlag von TenneT besch\u00e4ftigen wird und die zur Ausf\u00fchrung kommende Trasse final bestimmt. Der Trassenkorridor \u00f6stlich von Hannover und somit auch an Nordassel vorbei bleibt voll umf\u00e4nglich als Alternative bestehen. Daher werden die betroffenen Gemeinden die von TenneT erarbeiteten Unterlagen sichten, um herauszufinden, ob TenneT alle relevanten Probleme und Einwendungen in geeigneter Weise ber\u00fccksichtigt hat. Die B\u00fcrgermeister der Gemeinde Burgdorf und der Samtgemeinde Baddeckenstedt rufen alle interessierten B\u00fcrger und insbesondere auch die von der Alternativtrasse betroffenen Landwirte auf, intensiv an diesem Prozess mitzuwirken. Denn: S\u00e4mtliche Probleme auf der Alternativtrasse, die TenneT bisher nicht vollst\u00e4ndig identifiziert hat, k\u00f6nnen dann nur noch in den jetzt folgenden Er\u00f6rterungsterminen eingebracht werden. Danach wird die BNetzA entscheiden, ob die Vorzugstrasse von TenneT (Westtrasse) oder doch die Alternativtrasse durch das Gebiet der Gemeinde Burgdorf (Osttrasse) zur Anwendung kommt. Danach besteht keine weitere Einspruchsm\u00f6glichkeit mehr. Als zus\u00e4tzliches Problem sehen die beiden B\u00fcrgermeister, dass bei der Trassenuntersuchung die neue Kabelpflug-Verlegetechnik, die f\u00fcr die Trasse Wahle-Mecklar erfolgreich getestet wurde, bisher beim SuedLink noch keine Rolle gespielt hat. Das Pflugverfahren erm\u00f6glicht eine erheblich schnellere, schonendere und kosteng\u00fcnstigere Verlegung der Leitungen. Diese beschriebenen Vorteile m\u00fcssten eigentlich bei der Festlegung eines Trassenkorridores im Vorfeld ber\u00fccksichtigt werden. Im Ergebnis k\u00f6nnte es dann sogar so sein, dass eine komplett neue Trasse zu bevorzugen w\u00e4re. Zu diesem Thema gibt es ein ausf\u00fchrliches Schreiben der Samtgemeinde Baddeckenstedt an die BNetzA. Auf die Antwort warten die beiden B\u00fcrgermeister noch mit gro\u00dfer Spannung.<\/p>\n\n\n\n<p>Pressemitteilung der Samtgemeinde Baddeckenstedt und der Gemeinde Burgdorf zum SuedLink<\/p>\n","protected":false},"excerpt":{"rendered":"<p>Am Donnerstag, den 21.02.2019 hat TenneT zum Abschluss ihrer Arbeiten entsprechend \u00a7 8 des NABEG bekanntgegeben, dass sie nun einen&hellip;<\/p>\n","protected":false},"author":3,"featured_media":0,"comment_status":"open","ping_status":"open","sticky":false,"template":"","format":"standard","meta":{"spay_email":""},"categories":[1],"tags":[],"jetpack_featured_media_url":"","_links":{"self":[{"href":"http:\/\/bi-erdkabel-innerstetal-und-umgebung.de\/index.php?rest_route=\/wp\/v2\/posts\/19"}],"collection":[{"href":"http:\/\/bi-erdkabel-innerstetal-und-umgebung.de\/index.php?rest_route=\/wp\/v2\/posts"}],"about":[{"href":"http:\/\/bi-erdkabel-innerstetal-und-umgebung.de\/index.php?rest_route=\/wp\/v2\/types\/post"}],"author":[{"embeddable":true,"href":"http:\/\/bi-erdkabel-innerstetal-und-umgebung.de\/index.php?rest_route=\/wp\/v2\/users\/3"}],"replies":[{"embeddable":true,"href":"http:\/\/bi-erdkabel-innerstetal-und-umgebung.de\/index.php?rest_route=%2Fwp%2Fv2%2Fcomments&post=19"}],"version-history":[{"count":1,"href":"http:\/\/bi-erdkabel-innerstetal-und-umgebung.de\/index.php?rest_route=\/wp\/v2\/posts\/19\/revisions"}],"predecessor-version":[{"id":20,"href":"http:\/\/bi-erdkabel-innerstetal-und-umgebung.de\/index.php?rest_route=\/wp\/v2\/posts\/19\/revisions\/20"}],"wp:attachment":[{"href":"http:\/\/bi-erdkabel-innerstetal-und-umgebung.de\/index.php?rest_route=%2Fwp%2Fv2%2Fmedia&parent=19"}],"wp:term":[{"taxonomy":"category","embeddable":true,"href":"http:\/\/bi-erdkabel-innerstetal-und-umgebung.de\/index.php?rest_route=%2Fwp%2Fv2%2Fcategories&post=19"},{"taxonomy":"post_tag","embeddable":true,"href":"http:\/\/bi-erdkabel-innerstetal-und-umgebung.de\/index.php?rest_route=%2Fwp%2Fv2%2Ftags&post=19"}],"curies":[{"name":"wp","href":"https:\/\/api.w.org\/{rel}","templated":true}]}}