{"id":25,"date":"2019-07-08T17:15:13","date_gmt":"2019-07-08T17:15:13","guid":{"rendered":"http:\/\/bi-erdkabel-innerstetal-und-umgebung.de\/?p=25"},"modified":"2019-11-08T17:59:58","modified_gmt":"2019-11-08T17:59:58","slug":"pilotversuch-kabelpflug-am-09-07-in-wartjenstedt","status":"publish","type":"post","link":"http:\/\/bi-erdkabel-innerstetal-und-umgebung.de\/?p=25","title":{"rendered":"PILOTVERSUCH KABELPFLUG AM 09.07. IN WARTJENSTEDT"},"content":{"rendered":"\n<p>Der Pilotversuch Kabelpflug der Firma Tennet findet am 09.07. in Wartjenstedt im Zeitraum 12.30 \u2013 ca. 15.00Uhr statt.<\/p>\n\n\n\n<p>F\u00fcr alle &nbsp;durch Tennet pers\u00f6nlich eingeladenen&nbsp;&nbsp;G\u00e4ste ist ein Bustransfer von folgendem Ort eingerichtet:<\/p>\n\n\n\n<p>Westerlinde, Bachstra\u00dfe 3<\/p>\n\n\n\n<p>Alle nicht pers\u00f6nlich geladenen G\u00e4ste k\u00f6nnen mit dem Fahrrad oder&nbsp;zu Fu\u00df den Bereich der Kabelpflugstrecke erreichen.<\/p>\n\n\n\n<p>Parken am besten im Bereich der Ortschaft Wartjenstedt (Einzelheiten s. Karte)<a href=\"http:\/\/bi-erdkabel-innerstetal-und-umgebung.de\/wordpress\/wp-content\/uploads\/2019\/07\/Kabelpflug-09.07..pdf\">Kabelpflug 09.07.<\/a><a href=\"http:\/\/bi-erdkabel-innerstetal-und-umgebung.de\/wordpress\/wp-content\/uploads\/2019\/07\/Kabelpflug-09.07..pdf\">Herunterladen<\/a><\/p>\n\n\n\n<p>Wir bitten alle B\u00fcrger\/-innen, sich ausschlie\u00dflich auf den Feldwegen und au\u00dferhalb des Sicherheitsbereiches zu bewegen.<br><\/p>\n","protected":false},"excerpt":{"rendered":"<p>Der Pilotversuch Kabelpflug der Firma Tennet findet am 09.07. in Wartjenstedt im Zeitraum 12.30 \u2013 ca. 15.00Uhr statt. F\u00fcr alle&hellip;<\/p>\n","protected":false},"author":3,"featured_media":0,"comment_status":"open","ping_status":"open","sticky":false,"template":"","format":"standard","meta":{"spay_email":""},"categories":[1],"tags":[],"jetpack_featured_media_url":"","_links":{"self":[{"href":"http:\/\/bi-erdkabel-innerstetal-und-umgebung.de\/index.php?rest_route=\/wp\/v2\/posts\/25"}],"collection":[{"href":"http:\/\/bi-erdkabel-innerstetal-und-umgebung.de\/index.php?rest_route=\/wp\/v2\/posts"}],"about":[{"href":"http:\/\/bi-erdkabel-innerstetal-und-umgebung.de\/index.php?rest_route=\/wp\/v2\/types\/post"}],"author":[{"embeddable":true,"href":"http:\/\/bi-erdkabel-innerstetal-und-umgebung.de\/index.php?rest_route=\/wp\/v2\/users\/3"}],"replies":[{"embeddable":true,"href":"http:\/\/bi-erdkabel-innerstetal-und-umgebung.de\/index.php?rest_route=%2Fwp%2Fv2%2Fcomments&post=25"}],"version-history":[{"count":1,"href":"http:\/\/bi-erdkabel-innerstetal-und-umgebung.de\/index.php?rest_route=\/wp\/v2\/posts\/25\/revisions"}],"predecessor-version":[{"id":26,"href":"http:\/\/bi-erdkabel-innerstetal-und-umgebung.de\/index.php?rest_route=\/wp\/v2\/posts\/25\/revisions\/26"}],"wp:attachment":[{"href":"http:\/\/bi-erdkabel-innerstetal-und-umgebung.de\/index.php?rest_route=%2Fwp%2Fv2%2Fmedia&parent=25"}],"wp:term":[{"taxonomy":"category","embeddable":true,"href":"http:\/\/bi-erdkabel-innerstetal-und-umgebung.de\/index.php?rest_route=%2Fwp%2Fv2%2Fcategories&post=25"},{"taxonomy":"post_tag","embeddable":true,"href":"http:\/\/bi-erdkabel-innerstetal-und-umgebung.de\/index.php?rest_route=%2Fwp%2Fv2%2Ftags&post=25"}],"curies":[{"name":"wp","href":"https:\/\/api.w.org\/{rel}","templated":true}]}}