{"id":36,"date":"2019-06-23T17:18:16","date_gmt":"2019-06-23T17:18:16","guid":{"rendered":"http:\/\/bi-erdkabel-innerstetal-und-umgebung.de\/?p=36"},"modified":"2019-11-08T17:58:25","modified_gmt":"2019-11-08T17:58:25","slug":"wahle-mecklar-abschnitt-a-planfeststellungbeschluss-das-erdkabel-kommt-mit-pilotvorhaben-in-kabelpflugtechnik","status":"publish","type":"post","link":"http:\/\/bi-erdkabel-innerstetal-und-umgebung.de\/?p=36","title":{"rendered":"WAHLE MECKLAR ABSCHNITT A- PLANFESTSTELLUNGBESCHLUSS \u2013 DAS ERDKABEL KOMMT \u2013 MIT PILOTVORHABEN IN KABELPFLUGTECHNIK !!!"},"content":{"rendered":"\n<p>Es ist soweit-Jahre der Bem\u00fchungen werfen ihre Fr\u00fcchte ab!!!&nbsp;<br><\/p>\n\n\n\n<p>Der&nbsp;<a href=\"https:\/\/www.strassenbau.niedersachsen.de\/aufgaben\/planfeststellung\/beschluesse\/planfeststellungsbeschluesse-78263.html\">Planfeststellungsbeschluss<\/a>&nbsp;f\u00fcr den Abschnitt A der Strecke Wahle Mecklar erging am 31. Mai 2019. Er wird zusammen mit den festgestellten Planunterlagen (ungesiegelt) in der Zeit vom 04. Juli 2019 bis einschlie\u00dflich 17. Juli 2019 bei den nachfolgenden Auslegungsgemeinden<\/p>\n\n\n\n<table class=\"wp-block-table\"><tbody><tr><td>Gemeinde Holle<br><\/td><td>Gemeinde Schladen-Werla<br><\/td><td>Stadt Bockenem<br><\/td><\/tr><tr><td>Gemeinde Ilsede<br><\/td><td>Gemeinde Vechelde<\/td><td>Stadt Goslar<\/td><\/tr><tr><td>Gemeinde Lamspringe<\/td><td>Gemeinde Wendeburg<br><\/td><td>Stadt Moringen<\/td><\/tr><tr><td>Gemeinde Lengede<br><\/td><td>Samtgemeinde Baddeckenstedt<br><\/td><td>Stadt Northeim<br><\/td><\/tr><tr><td>Gemeinde S\u00f6hlde<\/td><td>Stadt Salzgitter<\/td><\/tr><\/tbody><\/table>\n\n\n\n<p>zur allgemeinen Einsichtnahme \u00f6ffentlich ausliegen und ist in dieser Zeit auch auf der Internetseite&nbsp;<a href=\"https:\/\/uvp.niedersachsen.de\/\">https:\/\/uvp.niedersachsen.de<\/a>&nbsp;einsehbar.<\/p>\n\n\n\n<p>Der gesamte Text ist unter den folgenden Links zu finden:<\/p>\n\n\n\n<p><a href=\"https:\/\/www.strassenbau.niedersachsen.de\/aufgaben\/planfeststellung\/aktuelle_groessere_verfahren\/bau-des-teilabschnitts-a-der-380-kv-hoechstspannungsfreileitung-wahle\u2013mecklar-zwischen-den-umspannwerken-wahle-und-lamspringe-118716.html\">https:\/\/www.strassenbau.niedersachsen.de\/aufgaben\/planfeststellung\/aktuelle_groessere_verfahren\/bau-des-teilabschnitts-a-der-380-kv-hoechstspannungsfreileitung-wahle\u2013mecklar-zwischen-den-umspannwerken-wahle-und-lamspringe-118716.html<\/a><\/p>\n\n\n\n<p>oder: https:\/\/www.baddeckenstedt.de\/Startseite\/index.php?La=1&amp;NavID=2624.1&amp;object=med,2624.1468.1.PDF<br><\/p>\n\n\n\n<h2>DIE ERDVERKABELUNG KOMMT!!&nbsp;<\/h2>\n\n\n\n<p>Die Vorarbeiten f\u00fcr den Pilottest des Kabelpfluges haben auch bereits in Wartjenstedt begonnen.&nbsp;<\/p>\n\n\n\n<h2>DER TESTVERSUCH DES KABELPFLUGES FINDET AM 09.07. \u00d6FFENTLICHKEITSWIRKSAM IM ZEITRAUM 12.00 \u2013 14.00&nbsp; IN WARTJENSTEDT STATT.&nbsp;<\/h2>\n\n\n\n<p>Dies ist ein ganz wichtiger Termin ist, bei dem die Bev\u00f6lkerung ein deutliches Zeichen setzen&nbsp; kann und wird.<\/p>\n\n\n\n<p>&nbsp;\u201eWir wollten und wollen diese Erdverkabelung \u2013 modern und umweltschonend unter Einsatz des Kabelpfluges!\u201c<\/p>\n\n\n\n<p>&nbsp;Zeigen wir noch einmal, dass wir viele sind!!&nbsp;&nbsp;<\/p>\n\n\n\n<p>Volker Sch\u00e4fer, Sprecher B\u00fcrgerinitiative Erdkabel Innerstetal und Umgebung<br><\/p>\n","protected":false},"excerpt":{"rendered":"<p>Es ist soweit-Jahre der Bem\u00fchungen werfen ihre Fr\u00fcchte ab!!!&nbsp; Der&nbsp;Planfeststellungsbeschluss&nbsp;f\u00fcr den Abschnitt A der Strecke Wahle Mecklar erging am 31.&hellip;<\/p>\n","protected":false},"author":3,"featured_media":0,"comment_status":"open","ping_status":"open","sticky":false,"template":"","format":"standard","meta":{"spay_email":""},"categories":[1],"tags":[],"jetpack_featured_media_url":"","_links":{"self":[{"href":"http:\/\/bi-erdkabel-innerstetal-und-umgebung.de\/index.php?rest_route=\/wp\/v2\/posts\/36"}],"collection":[{"href":"http:\/\/bi-erdkabel-innerstetal-und-umgebung.de\/index.php?rest_route=\/wp\/v2\/posts"}],"about":[{"href":"http:\/\/bi-erdkabel-innerstetal-und-umgebung.de\/index.php?rest_route=\/wp\/v2\/types\/post"}],"author":[{"embeddable":true,"href":"http:\/\/bi-erdkabel-innerstetal-und-umgebung.de\/index.php?rest_route=\/wp\/v2\/users\/3"}],"replies":[{"embeddable":true,"href":"http:\/\/bi-erdkabel-innerstetal-und-umgebung.de\/index.php?rest_route=%2Fwp%2Fv2%2Fcomments&post=36"}],"version-history":[{"count":1,"href":"http:\/\/bi-erdkabel-innerstetal-und-umgebung.de\/index.php?rest_route=\/wp\/v2\/posts\/36\/revisions"}],"predecessor-version":[{"id":37,"href":"http:\/\/bi-erdkabel-innerstetal-und-umgebung.de\/index.php?rest_route=\/wp\/v2\/posts\/36\/revisions\/37"}],"wp:attachment":[{"href":"http:\/\/bi-erdkabel-innerstetal-und-umgebung.de\/index.php?rest_route=%2Fwp%2Fv2%2Fmedia&parent=36"}],"wp:term":[{"taxonomy":"category","embeddable":true,"href":"http:\/\/bi-erdkabel-innerstetal-und-umgebung.de\/index.php?rest_route=%2Fwp%2Fv2%2Fcategories&post=36"},{"taxonomy":"post_tag","embeddable":true,"href":"http:\/\/bi-erdkabel-innerstetal-und-umgebung.de\/index.php?rest_route=%2Fwp%2Fv2%2Ftags&post=36"}],"curies":[{"name":"wp","href":"https:\/\/api.w.org\/{rel}","templated":true}]}}