{"id":62,"date":"2019-11-03T17:53:13","date_gmt":"2019-11-03T17:53:13","guid":{"rendered":"http:\/\/bi-erdkabel-innerstetal-und-umgebung.de\/?p=62"},"modified":"2019-11-08T18:08:01","modified_gmt":"2019-11-08T18:08:01","slug":"foeckersperger-starke-wuehlmaus-hilft-der-energiewende-zweiter-test-noch-im-november-im-bereich-wartjenstedt","status":"publish","type":"post","link":"http:\/\/bi-erdkabel-innerstetal-und-umgebung.de\/?p=62","title":{"rendered":"F\u00d6CKERSPERGER: STARKE W\u00dcHLMAUS HILFT DER ENERGIEWENDE \u2013 ZWEITER TEST NOCH IM NOVEMBER IM BEREICH WARTJENSTEDT"},"content":{"rendered":"\n<p>link:&nbsp;<br><a href=\"https:\/\/www.nordbayern.de\/region\/hoechstadt\/fockersperger-starke-wuhlmaus-hilft-der-energiewende-1.9486651\">https:\/\/www.nordbayern.de\/region\/hoechstadt\/fockersperger-starke-wuhlmaus-hilft-der-energiewende-1.9486651<\/a><\/p>\n\n\n\n<figure class=\"wp-block-image\"><img loading=\"lazy\" width=\"587\" height=\"330\" src=\"https:\/\/i0.wp.com\/bi-erdkabel-innerstetal-und-umgebung.de\/wp-content\/uploads\/2019\/11\/f\u00f6ckersberger.jpeg?resize=587%2C330\" alt=\"\" class=\"wp-image-63\" srcset=\"https:\/\/i0.wp.com\/bi-erdkabel-innerstetal-und-umgebung.de\/wp-content\/uploads\/2019\/11\/f\u00f6ckersberger.jpeg?w=587 587w, https:\/\/i0.wp.com\/bi-erdkabel-innerstetal-und-umgebung.de\/wp-content\/uploads\/2019\/11\/f\u00f6ckersberger.jpeg?resize=300%2C169 300w\" sizes=\"(max-width: 587px) 100vw, 587px\" data-recalc-dims=\"1\" \/><figcaption>Hoffen auf einen Erfolg f\u00fcr den MFP 3 und die Nord-S\u00fcd-Trasse (v.l.): Frank und Manuela F\u00f6ckersperger, MdL Walter Nussel und B\u00fcrgermeister Klaus Schumann.\u00a9 Foto: Katharina Zollh\u00f6fer\/B\u00fcro Nussel<\/figcaption><\/figure>\n\n\n\n<p>\u201eMinimal-invasiv\u201c: Mehrfach-Kabelpflug der Firma aus Aurachtal k\u00f6nnte die Erdverkabelung erleichtern \u2013&nbsp;<strong>31.10.2019&nbsp;17:50&nbsp;Uhr<\/strong><\/p>\n\n\n\n<p>AURACHTAL&nbsp;\u2013 Mit Hilfe eines Kabelpflugs aus dem Hause F\u00f6ckersperger k\u00f6nnte die gro\u00dfe und umstrittene Stromtrasse von Nord nach S\u00fcd schneller, eleganter und schonender gebaut werden. Dieser Auffassung ist der Landtagsabgeordnete Walter Nussel (CSU), Beauftragter f\u00fcr B\u00fcrokratieabbau der Bayerischen Staatsregierung.<\/p>\n\n\n\n<p>Nussel hatte in diesem Fall die technische Weiterentwicklung vor einigen Monaten selbst angeregt und mit dem Chef des mittelst\u00e4ndischen Unternehmens, Frank F\u00f6ckersperger, Kontakt aufgenommen. Heraus kam eine neue Entwicklung aus dem M\u00fcnchauracher Unternehmen.<\/p>\n\n\n\n<h4>NUR NOCH SIEBEN METER<\/h4>\n\n\n\n<p>Ein gro\u00dfes Problem der Erdf\u00fchrung von gro\u00dfen Stromtrassen war bislang \u2013 insbesondere f\u00fcr die betroffenen Landwirte \u2013 die Trassenbreite bzw. der Arbeitsbereich f\u00fcr die Verlegung der Rohre. Statt bislang \u00fcblichen 40 Metern erfordert der neue Kabelpflug nur sieben Meter Arbeitsbereich, so Nussel. Die Maschine verlegt zun\u00e4chst Leerrohre, in die dann die Versorgungs- oder Stromkabel besch\u00e4digungsfrei eingebracht werden k\u00f6nnen.<\/p>\n\n\n\n<p>Beide Faktoren schm\u00e4lern aus Sicht von Walter Nussel entscheidend die bisherigen Hauptprobleme bei der Verlegung von Erdtrassen als Alternative zu den gro\u00dfen oberirdisch auf Masten gef\u00fchrten Leitungen.<\/p>\n\n\n\n<p>\u201eEs ist eindeutig, dass wir f\u00fcr die Versorgungssicherheit im S\u00fcden Deutschlands auf jeden Fall Stromtrassen von Nord nach S\u00fcd brauchen. Aber warum gigantische Stromleitungen installieren, welche die Landschaft zerschneiden, wenn es unterirdisch auch geht und dabei der Mutterboden geschont wird, weil keine gro\u00dfen Erdbewegungen erforderlich sind?\u201c, fragte sich der CSU-Landtagsabgeordnete Walter Nussel.<\/p>\n\n\n\n<p>Mit der in Aurachtal ans\u00e4ssigen Firma F\u00f6ckersperger Maschinenbau kannte Nussel auch den richtigen technischen Ansprechparter. F\u00f6ckersperger agiert mit anderen, kleineren Kabelpfl\u00fcgen bereits heute weltweit, ist einer der vielen Hidden Champions des deutschen Mittelstands. Weil bei Stromtrassen gleich drei Kabel nebeneinander verlegt werden m\u00fcssen, zerbrach man sich bei F\u00f6ckersperger erst einmal den Kopf \u00fcber eine L\u00f6sung \u2013 und hat sie zwischenzeitlich gefunden.<\/p>\n\n\n\n<p>Der Mehrfachpflug MFP 3 macht es m\u00f6glich, freuen sich Chef Frank F\u00f6ckersperger und Nussel. Bereits 2015 fand ein erstes Treffen mit den Verantwortlichen des Netzbetreibers TenneT statt, dessen Verantwortliche dem neuen Konzept positiv gegen\u00fcberstanden. 2017 wurde mit der Entwicklung des \u201ePfluges\u201c begonnen, ein erster Trassenversuch ging am 10. Oktober 2018 \u00fcber die B\u00fchne.<\/p>\n\n\n\n<p>Der offizielle Vorf\u00fchrtermin f\u00fcr TenneT und ans\u00e4ssige Grundst\u00fccksbesitzer entlang der Trasse Wahle-Mecklar (von Niedersachsen nach Nordhessen) ging Ende November 2018 in Aurachtal \u00fcber die B\u00fchne. Bereits am 9. Juli dieses Jahres pfl\u00fcgte sich der MFP 3 in Wartjenstedt (Landkreis Wolfenb\u00fcttel) durch das Erdreich. TenneT erhofft sich dabei weniger Kosten und Zeitersparnis.<\/p>\n\n\n\n<p>Auch der nieders\u00e4chsische Umweltminister Olaf Lies (SPD) und die B\u00fcrgerinitiative Erdkabel Innerstetal stehen dem Projekt positiv gegen\u00fcber, wie NDR 1 Niedersachsen berichtete.<strong>&nbsp;Im November 2019 erfolgt nun ein weiterer Test auf der Trasse Wahle-Mecklar.<\/strong>&nbsp;Und wenn dieser zur Zufriedenheit aller ausf\u00e4llt, worauf auch Walter Nussel hofft, dann st\u00fcnde dem regul\u00e4ren Einsatz des MFP 3 ab Fr\u00fchjahr 2020 nichts mehr im Wege.<\/p>\n\n\n\n<h4>\u201eHERVORRAGENDES BEISPIEL\u201c<\/h4>\n\n\n\n<p>Der CSU-Politiker dr\u00fcckt den Aurachtalern die Daumen, dass alles klappt. Dies k\u00f6nnte dann wegweisend f\u00fcr andere Stromtrassen im Rahmen des Energieausgleiches zwischen Nord und S\u00fcd sein, gegen die sich oft Widerstand r\u00fchrt. \u201eDer Kabelpflug\u201c, wei\u00df Nussel, \u201ekann nahezu jeden Boden \u201abeackern\u2018 und ist f\u00fcr die Natur \u201aminimal invasiv\u2018\u201c.<\/p>\n\n\n\n<p>Und: \u201eHier haben wir ein hervorragendes Beispiel daf\u00fcr, dass das leider \u00fcblich gewordene Ausspielen von \u00d6konomie und \u00d6kologie ein gro\u00dfer Fehler w\u00e4re. Unsere Unternehmen haben das Zeug dazu, auch die Probleme unserer Zeit mit zukunftsweisender Technik zu l\u00f6sen. Wir m\u00fcssen sie nur lassen.\u201c<\/p>\n\n\n\n<p>Bei seinem j\u00fcngsten Besuch in Aurachtal betonte Nussel, dass er stolz darauf sei, eine solche Firma in seinem Stimmkreis zu haben, deren innovative Technik \u2013 so hofft er \u2013 vielleicht einmal auch \u00fcber die Bundesrepublik hinaus zum Einsatz kommen wird<\/p>\n","protected":false},"excerpt":{"rendered":"<p>link:&nbsp;https:\/\/www.nordbayern.de\/region\/hoechstadt\/fockersperger-starke-wuhlmaus-hilft-der-energiewende-1.9486651 \u201eMinimal-invasiv\u201c: Mehrfach-Kabelpflug der Firma aus Aurachtal k\u00f6nnte die Erdverkabelung erleichtern \u2013&nbsp;31.10.2019&nbsp;17:50&nbsp;Uhr AURACHTAL&nbsp;\u2013 Mit Hilfe eines Kabelpflugs aus dem Hause&hellip;<\/p>\n","protected":false},"author":3,"featured_media":0,"comment_status":"open","ping_status":"open","sticky":false,"template":"","format":"standard","meta":{"spay_email":""},"categories":[1],"tags":[],"jetpack_featured_media_url":"","_links":{"self":[{"href":"http:\/\/bi-erdkabel-innerstetal-und-umgebung.de\/index.php?rest_route=\/wp\/v2\/posts\/62"}],"collection":[{"href":"http:\/\/bi-erdkabel-innerstetal-und-umgebung.de\/index.php?rest_route=\/wp\/v2\/posts"}],"about":[{"href":"http:\/\/bi-erdkabel-innerstetal-und-umgebung.de\/index.php?rest_route=\/wp\/v2\/types\/post"}],"author":[{"embeddable":true,"href":"http:\/\/bi-erdkabel-innerstetal-und-umgebung.de\/index.php?rest_route=\/wp\/v2\/users\/3"}],"replies":[{"embeddable":true,"href":"http:\/\/bi-erdkabel-innerstetal-und-umgebung.de\/index.php?rest_route=%2Fwp%2Fv2%2Fcomments&post=62"}],"version-history":[{"count":1,"href":"http:\/\/bi-erdkabel-innerstetal-und-umgebung.de\/index.php?rest_route=\/wp\/v2\/posts\/62\/revisions"}],"predecessor-version":[{"id":64,"href":"http:\/\/bi-erdkabel-innerstetal-und-umgebung.de\/index.php?rest_route=\/wp\/v2\/posts\/62\/revisions\/64"}],"wp:attachment":[{"href":"http:\/\/bi-erdkabel-innerstetal-und-umgebung.de\/index.php?rest_route=%2Fwp%2Fv2%2Fmedia&parent=62"}],"wp:term":[{"taxonomy":"category","embeddable":true,"href":"http:\/\/bi-erdkabel-innerstetal-und-umgebung.de\/index.php?rest_route=%2Fwp%2Fv2%2Fcategories&post=62"},{"taxonomy":"post_tag","embeddable":true,"href":"http:\/\/bi-erdkabel-innerstetal-und-umgebung.de\/index.php?rest_route=%2Fwp%2Fv2%2Ftags&post=62"}],"curies":[{"name":"wp","href":"https:\/\/api.w.org\/{rel}","templated":true}]}}